{"id":1976,"date":"2019-11-13T15:51:25","date_gmt":"2019-11-13T14:51:25","guid":{"rendered":"http:\/\/www.bibliotecabarzio.it\/?p=1976"},"modified":"2019-11-13T15:52:44","modified_gmt":"2019-11-13T14:52:44","slug":"incontri-darte-raffaello-il-mito-e-oltre-il-mito-sabato-14-dicembre-2019-ore-14-30-1-incontro","status":"publish","type":"post","link":"https:\/\/www.bibliotecabarzio.it\/index.php\/2019\/11\/13\/incontri-darte-raffaello-il-mito-e-oltre-il-mito-sabato-14-dicembre-2019-ore-14-30-1-incontro\/","title":{"rendered":"Incontri d&#8217;Arte &#8211; Raffaello: il mito e oltre il mito &#8211; Sabato 14 Dicembre 2019 ore 14.30 (1\u00b0 incontro)"},"content":{"rendered":"<p><a href=\"http:\/\/www.bibliotecabarzio.it\/wp-content\/uploads\/2019\/11\/Raffaello_-il-mito-e-oltre-il-mito.pdf\" target=\"_blank\" rel=\"noopener noreferrer\"><img loading=\"lazy\" decoding=\"async\" class=\"alignleft wp-image-1975 \" src=\"http:\/\/www.bibliotecabarzio.it\/wp-content\/uploads\/2019\/11\/Raffaello_il-mito-e-oltre-il-mito-731x1024.jpg\" alt=\"\" width=\"337\" height=\"472\" srcset=\"https:\/\/www.bibliotecabarzio.it\/wp-content\/uploads\/2019\/11\/Raffaello_il-mito-e-oltre-il-mito-731x1024.jpg 731w, https:\/\/www.bibliotecabarzio.it\/wp-content\/uploads\/2019\/11\/Raffaello_il-mito-e-oltre-il-mito-214x300.jpg 214w, https:\/\/www.bibliotecabarzio.it\/wp-content\/uploads\/2019\/11\/Raffaello_il-mito-e-oltre-il-mito-768x1075.jpg 768w, https:\/\/www.bibliotecabarzio.it\/wp-content\/uploads\/2019\/11\/Raffaello_il-mito-e-oltre-il-mito.jpg 1500w\" sizes=\"auto, (max-width: 337px) 100vw, 337px\" \/><\/a><\/p>\n<p style=\"text-align: center;\">In occasione del Cinquecentesimo <em>anniversario della morte<\/em> di <strong>Raffaello<\/strong>, il 2020 render\u00e0 tributo all\u2019artista di Urbino.<\/p>\n<p style=\"text-align: center;\">Morto il 6 aprile del 1520, a soli 37 anni, \u00e8 considerato <em>uno tra i pi\u00f9 celebri rappresentanti del Rinascimento e il suo stile \u00e8 divenuto fondamentale per lo sviluppo del linguaggio artistico delle scuole successive<\/em>, dal Manierismo fino alle pi\u00f9 recenti accademie di inizio Ottocento.<\/p>\n<p style=\"text-align: center;\">Le due conferenze, tenute dalle esperte Simona Bartolena e Alessandra Galbusera e rivolte a tutti gli appassionati di arte, si propongono di indagare la figura di Raffaello nella sua complessit\u00e0: gli esordi a Urbino, l\u2019apprendistato al cospetto di Perugino, l\u2019amicizia con Bramante, l\u2019affermazione nella citt\u00e0 di Roma e, allo stesso tempo, la grande influenza che egli ha esercitato nei secoli a venire.<\/p>\n<p style=\"text-align: center;\">Vi aspettiamo <strong>Sabato 14 Dicembre 2019<\/strong> alle<strong> ore 14.30<\/strong> a <em>Palazzo Manzoni<\/em> a Barzio per il <em>primo incontro<\/em> alla scoperta di questo genio artistico del Rinascimento italiano.<\/p>\n<p>&nbsp;<\/p>\n<p>&nbsp;<\/p>\n","protected":false},"excerpt":{"rendered":"<p>In occasione del Cinquecentesimo anniversario della morte di Raffaello, il 2020 render\u00e0 tributo all\u2019artista di Urbino. Morto il 6 aprile del 1520, a soli 37 anni, \u00e8 considerato uno tra i pi\u00f9 celebri rappresentanti del Rinascimento e il suo stile \u00e8 divenuto fondamentale per lo sviluppo del linguaggio artistico delle scuole successive, dal Manierismo fino<\/p>\n<p><a href=\"https:\/\/www.bibliotecabarzio.it\/index.php\/2019\/11\/13\/incontri-darte-raffaello-il-mito-e-oltre-il-mito-sabato-14-dicembre-2019-ore-14-30-1-incontro\/\" class=\"more-link\">Leggi tutto<\/a><\/p>\n","protected":false},"author":1,"featured_media":0,"comment_status":"open","ping_status":"open","sticky":false,"template":"","format":"standard","meta":{"footnotes":""},"categories":[1],"tags":[],"class_list":["post-1976","post","type-post","status-publish","format-standard","hentry","category-biblioteca-barzio"],"_links":{"self":[{"href":"https:\/\/www.bibliotecabarzio.it\/index.php\/wp-json\/wp\/v2\/posts\/1976","targetHints":{"allow":["GET"]}}],"collection":[{"href":"https:\/\/www.bibliotecabarzio.it\/index.php\/wp-json\/wp\/v2\/posts"}],"about":[{"href":"https:\/\/www.bibliotecabarzio.it\/index.php\/wp-json\/wp\/v2\/types\/post"}],"author":[{"embeddable":true,"href":"https:\/\/www.bibliotecabarzio.it\/index.php\/wp-json\/wp\/v2\/users\/1"}],"replies":[{"embeddable":true,"href":"https:\/\/www.bibliotecabarzio.it\/index.php\/wp-json\/wp\/v2\/comments?post=1976"}],"version-history":[{"count":4,"href":"https:\/\/www.bibliotecabarzio.it\/index.php\/wp-json\/wp\/v2\/posts\/1976\/revisions"}],"predecessor-version":[{"id":1980,"href":"https:\/\/www.bibliotecabarzio.it\/index.php\/wp-json\/wp\/v2\/posts\/1976\/revisions\/1980"}],"wp:attachment":[{"href":"https:\/\/www.bibliotecabarzio.it\/index.php\/wp-json\/wp\/v2\/media?parent=1976"}],"wp:term":[{"taxonomy":"category","embeddable":true,"href":"https:\/\/www.bibliotecabarzio.it\/index.php\/wp-json\/wp\/v2\/categories?post=1976"},{"taxonomy":"post_tag","embeddable":true,"href":"https:\/\/www.bibliotecabarzio.it\/index.php\/wp-json\/wp\/v2\/tags?post=1976"}],"curies":[{"name":"wp","href":"https:\/\/api.w.org\/{rel}","templated":true}]}}